{"id":920,"date":"2018-01-17T15:21:05","date_gmt":"2018-01-17T13:21:05","guid":{"rendered":"https:\/\/consbasilea.esteri.it\/news\/dal_consolato\/2018\/01\/il-consolato-d-italia-alla-basler\/"},"modified":"2018-01-17T15:21:05","modified_gmt":"2018-01-17T13:21:05","slug":"il-consolato-d-italia-alla-basler","status":"publish","type":"post","link":"https:\/\/consbasilea.esteri.it\/it\/news\/dal_consolato\/2018\/01\/il-consolato-d-italia-alla-basler\/","title":{"rendered":"Il Consolato d\u2019Italia alla Basler Jugendb\u00fccherschiff di Basilea"},"content":{"rendered":"<p style=\"text-align: justify;\">Il Console d\u2019Italia, Michele Camerota, ha partecipato al vernissage della 37\u00b0 edizione della Basler Jugendb\u00fccherschiff che si tiene quest\u2019anno dal 16 al 30 gennaio. La famosa barca MS Christoph Merian, attraccata alla banchina Schiffl\u00e4nde, nel pieno centro della citt\u00e0, \u00e8 aperta al pubblico di ogni et\u00e0 e si trasforma, in questi giorni, in una biblioteca carica di libri per bambini e ragazzi.<\/p>\n<p style=\"text-align: justify;\">Nel suo discorso di apertura, il Ministro cantonale per l\u2019educazione, Conradin Cramer, ha pubblicamente apprezzato il coinvolgimento del Consolato nell\u2019evento, considerato peraltro un appuntamento rinomato e sempre atteso, nel ricco e raffinato panorama culturale locale. Il Consolato d&#8217;Italia \u00e9 per parte sua molto lieto di sostenere l\u2019iniziativa, all\u2019interno della quale ha promosso l\u2019incontro con la scrittrice e illustratrice per bambini Francesca Sanna, che mercoled\u00ec 24 gennaio legger\u00e0 ai presenti la storia raccontata nel suo ultimo libro \u201cDie Flucht\u201d (locandina allegata). \u201cDie Flucht\u201d ha conseguito la nomina per il &#8220;Deutscher Jugendliteratur Preis 2017&#8221; nella categoria &#8220;Bilderb\u00fccher&#8221;.<\/p>\n<p style=\"text-align: justify;\">Il Console Camerota, esprimendo soddisfazione per la calorosa accoglienza ricevuta dagli organizzatori e dal Ministro Cramer, sottolinea come sia possibile, anche con piccoli investimenti, avere importanti riscontri di immagine per le nostre Istituzioni e per la promozione della nostra lingua e cultura. L\u2019occasione \u00e8 stata un\u2019ulteriore conferma del diffuso interesse per l\u2019italiano mostrato sia dalle Autorit\u00e0 che dalla popolazione locale; un interesse che andrebbe maggiormente coltivato da parte degli addetti ai lavori. \u00c8 opportuno \u2013 continua il Console \u2013 aggiornare la nostra offerta in una citt\u00e0 come Basilea, notoriamente aperta, sempre pi\u00f9 multinazionale e plurilingue, dove l\u2019italiano non pu\u00f2 contare su quel percorso preferenziale che aveva nei decenni passati, a fronte del sopraggiungere di altre importanti collettivit\u00e0 straniere che qui si sono stabilite. Bisogna, quindi, rivolgersi non solo ai nostri emigrati e ai loro discendenti ma anche e sempre di pi\u00f9 agli svizzeri e agli altri stranieri qui residenti che, in un contesto di plurilinguismo diffuso, manifestano interesse ed apprezzamento per la dolce lingua.<\/p>\n<p style=\"text-align: justify;\">Maggiori informazioni sugli eventi al link:<\/p>\n<p style=\"text-align: justify;\"><a href=\"https:\/\/www.edubs.ch\/unterstuetzung\/bibliothek\/lesefoerderung\/jugendbuecherschiff\" target=\"_blank\" rel=\"noopener\">https:\/\/www.edubs.ch\/unterstuetzung\/bibliothek\/lesefoerderung\/jugendbuecherschiff<\/a><\/p>\n<p style=\"text-align: justify;\"><a href=\"resource\/doc\/2018\/01\/2017.12.21_-locandina_francesca_sanna.pdf\" target=\"_blank\" rel=\"noopener\">Locandina<\/a><\/p>\n","protected":false},"excerpt":{"rendered":"Il Console d\u2019Italia, Michele Camerota, ha partecipato al vernissage della 37\u00b0 edizione della Basler Jugendb\u00fccherschiff che si tiene quest\u2019anno dal 16 al 30 gennaio. La famosa barca MS Christoph Merian, attraccata alla banchina Schiffl\u00e4nde, nel pieno centro della citt\u00e0, \u00e8 aperta al pubblico di ogni et\u00e0 e si trasforma, in questi giorni, in una biblioteca [&hellip;]","protected":false},"author":1,"featured_media":0,"comment_status":"","ping_status":"","sticky":false,"template":"","format":"standard","meta":{"footnotes":""},"tags":[],"class_list":["post-920","post","type-post","status-publish","format-standard","hentry"],"_links":{"self":[{"href":"https:\/\/consbasilea.esteri.it\/it\/wp-json\/wp\/v2\/posts\/920","targetHints":{"allow":["GET"]}}],"collection":[{"href":"https:\/\/consbasilea.esteri.it\/it\/wp-json\/wp\/v2\/posts"}],"about":[{"href":"https:\/\/consbasilea.esteri.it\/it\/wp-json\/wp\/v2\/types\/post"}],"author":[{"embeddable":true,"href":"https:\/\/consbasilea.esteri.it\/it\/wp-json\/wp\/v2\/users\/1"}],"replies":[{"embeddable":true,"href":"https:\/\/consbasilea.esteri.it\/it\/wp-json\/wp\/v2\/comments?post=920"}],"version-history":[{"count":0,"href":"https:\/\/consbasilea.esteri.it\/it\/wp-json\/wp\/v2\/posts\/920\/revisions"}],"wp:attachment":[{"href":"https:\/\/consbasilea.esteri.it\/it\/wp-json\/wp\/v2\/media?parent=920"}],"wp:term":[{"taxonomy":"post_tag","embeddable":true,"href":"https:\/\/consbasilea.esteri.it\/it\/wp-json\/wp\/v2\/tags?post=920"}],"curies":[{"name":"wp","href":"https:\/\/api.w.org\/{rel}","templated":true}]}}