{"id":896,"date":"2018-05-04T13:17:09","date_gmt":"2018-05-04T11:17:09","guid":{"rendered":"https:\/\/consbasilea.esteri.it\/news\/dal_consolato\/2018\/05\/basilea-francesco-canesi-lissoni\/"},"modified":"2018-05-04T13:17:09","modified_gmt":"2018-05-04T11:17:09","slug":"basilea-francesco-canesi-lissoni","status":"publish","type":"post","link":"https:\/\/consbasilea.esteri.it\/it\/news\/dal_consolato\/2018\/05\/basilea-francesco-canesi-lissoni\/","title":{"rendered":"Basilea: Francesco Canesi Lissoni, senior designer dello Studio Lissoni Associati all\u2019Italian Design Day al Vitra Museum"},"content":{"rendered":"<p>Nella splendida e raffinata cornice del Vitra Design Museum, sabato 28 aprile, si \u00e8 svolta la seconda edizione dell\u2019Italian Design Day, organizzata dal Consolato d\u2019Italia a Basilea. Ambasciatore designato per presentare l\u2019evento, il giovane e talentuoso designer Francesco Canesi Lissoni, figlio del celebre Piero Lissoni, autore di rinomate creazioni, in Italia e all\u2019estero.<\/p>\n<p>L\u2019evento, in lingua inglese per allargare il coinvolgimento degli addetti al settore e potenziali consumers, \u00e8 stato introdotto dal Direttore del Vitra, Marc Zehntner, da pochi giorni rientrato dalla consueta visita al Salone del Mobile di Milano, per cui ha speso parole di grande apprezzamento, ricordando inoltre che la collezione ospitata presso il Vitra, \u00e8 in grande percentuale made in Italy.<\/p>\n<p>Nella business lounge del Vitra, gremita di expats e di operatori del settore, tra cui molti stranieri, il Console Camerota ha ricordato come il design abbia accompagnato la crescita economica dell\u2019Italia divenendo un elemento caratteristico della produzione e un volano dell\u2019economia: su un fatturato mondiale di 100 miliardi di euro, l&#8217;industria italiana del settore ne rappresenta pi\u00f9 di un terzo. Il design identifica una vera e propria categoria dello spirito italiano che racchiude in s\u00e9 tanti degli elementi associati al made in Italy, grazie a oggetti che uniscono la bellezza e l\u2019originalit\u00e0 del disegno alla qualit\u00e0 delle materie prime e ai metodi di produzione, espressione delle culture e delle tradizioni dei diversi territori. Per queste ragioni, la Farnesina ha posto il design al centro della sua azione \u201cVivere all\u2019Italiana\u201d per promuovere la cultura e il sistema produttivo attraverso un\u2019azione integrata in collaborazione con il Ministero dei Beni e delle Attivit\u00e0 culturali e del Turismo, la Triennale di Milano, ICE Agenzia, le Fondazioni Compasso d\u2019Oro e Altagamma, coinvolgendo attori pubblici e privati, anche attraverso Confindustria. L\u2019edizione 2018 ha avuto come tema portante il rapporto tra design e sostenibilit\u00e0 e ha ribadito la sua azione di sostegno al Salone del Mobile di Milano, conclusosi lo scorso 22 aprile, confermandosi l\u2019evento di punta a livello internazionale per il mondo del design.<\/p>\n<p>1:1 Design and Sustainability \u00e8 stato il tema dell\u2019intervento di Francesco Canesi Lissoni che, attraverso il racconto di processi e progetti dello Studio Lissoni (http:\/\/lissoniassociati.com\/en), ha approfondito la relazione fra Design e Sostenibilit\u00e0. Storie di prodotti che hanno una loro intrinseca sostenibilit\u00e0 per ragioni fra loro diverse eppure tutte rilevanti: vita degli oggetti e qualit\u00e0 dei materiali (attualit\u00e0 nel tempo); uso intelligente della tecnologia (efficienza); riciclo e riuso di materiali (ambiente); risparmio energetico (nei processi produttivi e nell\u2019uso); impatto sociale e culturale (beneficio nei luoghi di produzione). E cos\u00ec dalla seggiola Piuma di Kartell, ai legni di Alpi, dai marmi di Salvatori alla mitica Moka, Francesco Canesi Lissoni ha precisato il suo punto di vista: \u201cl\u2019abilit\u00e0 di un designer \u00e8 scoprire e raggiungere ogni volta, in ogni progetto, il faticoso e delicato equilibrio fra bellezza, funzionalit\u00e0 e processo nel costante e straordinario dialogo fra creativit\u00e0, produzione e mercato\u201d.<\/p>\n","protected":false},"excerpt":{"rendered":"Nella splendida e raffinata cornice del Vitra Design Museum, sabato 28 aprile, si \u00e8 svolta la seconda edizione dell\u2019Italian Design Day, organizzata dal Consolato d\u2019Italia a Basilea. Ambasciatore designato per presentare l\u2019evento, il giovane e talentuoso designer Francesco Canesi Lissoni, figlio del celebre Piero Lissoni, autore di rinomate creazioni, in Italia e all\u2019estero. L\u2019evento, in [&hellip;]","protected":false},"author":1,"featured_media":0,"comment_status":"","ping_status":"","sticky":false,"template":"","format":"standard","meta":{"footnotes":""},"tags":[],"class_list":["post-896","post","type-post","status-publish","format-standard","hentry"],"_links":{"self":[{"href":"https:\/\/consbasilea.esteri.it\/it\/wp-json\/wp\/v2\/posts\/896","targetHints":{"allow":["GET"]}}],"collection":[{"href":"https:\/\/consbasilea.esteri.it\/it\/wp-json\/wp\/v2\/posts"}],"about":[{"href":"https:\/\/consbasilea.esteri.it\/it\/wp-json\/wp\/v2\/types\/post"}],"author":[{"embeddable":true,"href":"https:\/\/consbasilea.esteri.it\/it\/wp-json\/wp\/v2\/users\/1"}],"replies":[{"embeddable":true,"href":"https:\/\/consbasilea.esteri.it\/it\/wp-json\/wp\/v2\/comments?post=896"}],"version-history":[{"count":0,"href":"https:\/\/consbasilea.esteri.it\/it\/wp-json\/wp\/v2\/posts\/896\/revisions"}],"wp:attachment":[{"href":"https:\/\/consbasilea.esteri.it\/it\/wp-json\/wp\/v2\/media?parent=896"}],"wp:term":[{"taxonomy":"post_tag","embeddable":true,"href":"https:\/\/consbasilea.esteri.it\/it\/wp-json\/wp\/v2\/tags?post=896"}],"curies":[{"name":"wp","href":"https:\/\/api.w.org\/{rel}","templated":true}]}}