{"id":678,"date":"2021-11-22T16:40:30","date_gmt":"2021-11-22T14:40:30","guid":{"rendered":"https:\/\/consbasilea.esteri.it\/news\/dal_consolato\/2021\/11\/settimana-della-cucina-2021\/"},"modified":"2021-11-22T16:40:30","modified_gmt":"2021-11-22T14:40:30","slug":"settimana-della-cucina-2021","status":"publish","type":"post","link":"https:\/\/consbasilea.esteri.it\/it\/news\/dal_consolato\/2021\/11\/settimana-della-cucina-2021\/","title":{"rendered":"SETTIMANA DELLA CUCINA 2021"},"content":{"rendered":"<p>Nell\u2019ottica dei valori che ispirano la Settimana della Cucina Italiana nel Mondo, il Consolato d\u2019Italia a Basilea e la Camera di Commercio Italiana per la Svizzera, in occasione della VI edizione della Settimana della Cucina Italiana nel Mondo, accendono i riflettori su Pavia e sul territorio circostante.<\/p>\n<p>Con il supporto prezioso della Camera di Commercio di Pavia, \u00e8 stata organizzata una serata\/evento che si terr\u00e0 MERCOLED\u00cc 24 novembre 2021, alle 19, presso il Ristorante Zur M\u00e4gd di Basilea (St. Johanns-Vorstadt 29, 4056 Basilea).<\/p>\n<p>Sar\u00e0 l\u2019occasione per assaggiare i frutti della filiera agroalimentare del pavese grazie ai piatti realizzati, durante lo show cooking, dallo chef Giovanni Ricciardella, accompagnati dalla degustazione di vini autoctoni.<\/p>\n<p>La serata sar\u00e0 completata da alcuni interventi, in italiano e in tedesco, che racconteranno anche le peculiarit\u00e0 paesaggistiche del luogo e ci guideranno alla scoperta del patrimonio storico e culturale di un territorio ancora poco conosciuto dal pubblico elvetico, ma emblema della biodiversit\u00e0 del Nord Italia.<\/p>\n<p>La Settimana della Cucina Italiana nel Mondo \u00e8 supportata dal Ministero degli Affari Esteri e della Cooperazione Internazionale (MAECI), per promuovere i prodotti agroalimentari italiani di qualit\u00e0 nei territori esteri e si svolger\u00e0, in tutto il mondo, dal 22 al 29 novembre 2021.<\/p>\n<p>La serata \u00e8 riservata ai professionisti dell\u2019agroalimentare, del turismo e della comunicazione<\/p>\n","protected":false},"excerpt":{"rendered":"Nell\u2019ottica dei valori che ispirano la Settimana della Cucina Italiana nel Mondo, il Consolato d\u2019Italia a Basilea e la Camera di Commercio Italiana per la Svizzera, in occasione della VI edizione della Settimana della Cucina Italiana nel Mondo, accendono i riflettori su Pavia e sul territorio circostante. Con il supporto prezioso della Camera di Commercio [&hellip;]","protected":false},"author":1,"featured_media":0,"comment_status":"","ping_status":"","sticky":false,"template":"","format":"standard","meta":{"footnotes":""},"tags":[],"class_list":["post-678","post","type-post","status-publish","format-standard","hentry"],"_links":{"self":[{"href":"https:\/\/consbasilea.esteri.it\/it\/wp-json\/wp\/v2\/posts\/678","targetHints":{"allow":["GET"]}}],"collection":[{"href":"https:\/\/consbasilea.esteri.it\/it\/wp-json\/wp\/v2\/posts"}],"about":[{"href":"https:\/\/consbasilea.esteri.it\/it\/wp-json\/wp\/v2\/types\/post"}],"author":[{"embeddable":true,"href":"https:\/\/consbasilea.esteri.it\/it\/wp-json\/wp\/v2\/users\/1"}],"replies":[{"embeddable":true,"href":"https:\/\/consbasilea.esteri.it\/it\/wp-json\/wp\/v2\/comments?post=678"}],"version-history":[{"count":0,"href":"https:\/\/consbasilea.esteri.it\/it\/wp-json\/wp\/v2\/posts\/678\/revisions"}],"wp:attachment":[{"href":"https:\/\/consbasilea.esteri.it\/it\/wp-json\/wp\/v2\/media?parent=678"}],"wp:term":[{"taxonomy":"post_tag","embeddable":true,"href":"https:\/\/consbasilea.esteri.it\/it\/wp-json\/wp\/v2\/tags?post=678"}],"curies":[{"name":"wp","href":"https:\/\/api.w.org\/{rel}","templated":true}]}}