{"id":666,"date":"2022-01-20T11:57:10","date_gmt":"2022-01-20T09:57:10","guid":{"rendered":"https:\/\/consbasilea.esteri.it\/news\/dal_consolato\/2022\/01\/covid-19-ingresso-in-svizzera-dal_0\/"},"modified":"2022-01-20T11:57:10","modified_gmt":"2022-01-20T09:57:10","slug":"covid-19-ingresso-in-svizzera-dal_0","status":"publish","type":"post","link":"https:\/\/consbasilea.esteri.it\/it\/news\/dal_consolato\/2022\/01\/covid-19-ingresso-in-svizzera-dal_0\/","title":{"rendered":"COVID-19: INGRESSO IN SVIZZERA DAL 22 GENNAIO"},"content":{"rendered":"<p style=\"text-align: justify;\">Dal 22 gennaio 2022 <strong>se si \u00e8 vaccinati o guariti<\/strong>, per entrare in Svizzera <strong>non \u00e8 pi\u00f9 necessario presentare il risultato negativo di un test (PCR e\/o Antigenico)<\/strong>.<\/p>\n<p style=\"text-align: justify;\">Per tutte le persone, <strong>non vaccinate e non guarite<\/strong>, a partire da 16 anni, per entrare in Svizzera <strong>\u00e8 obbligatorio presentare un test PCR negativo effettuato non pi\u00f9 di 72 ore prima dell\u2019ingresso o un test antigenico rapido negativo eseguito non pi\u00f9 di 24 ore prima.\u00a0<\/strong>Per queste persone, una volta entrate in Svizzera, <span style=\"text-decoration: underline;\"><strong>non<\/strong> \u00e8 pi\u00f9 richiesto un secondo test dal 4\u00b0 al 7\u00b0 giorno dopo l&#8217;arrivo<\/span>.<\/p>\n<p style=\"text-align: justify;\">Il <strong><a href=\"https:\/\/swissplf.admin.ch\/formular\" target=\"_blank\" rel=\"noopener\">modulo d&#8217;entrata online<\/a><\/strong> (Passenger Locator Form) <strong>dovr\u00e0 essere compilato unicamente dalle persone che entrano in Svizzera in aereo o con gli autobus a lunga percorrenza<\/strong>.<\/p>\n<p style=\"text-align: justify;\"><strong>TEST E MODULO NON SONO OBBLIGATORI PER<\/strong>:<\/p>\n<ul style=\"text-align: justify;\">\n<li>Conducenti professionali<\/li>\n<li>Persone che transitano senza fare sosta<\/li>\n<\/ul>\n<p style=\"text-align: justify;\"><strong>TEST NON OBBLIGATORIO PER<\/strong>:<\/p>\n<ul style=\"text-align: justify;\">\n<li>Minori di 16 anni<\/li>\n<li>Persone dispensate dal test<\/li>\n<li>Emergenze mediche<\/li>\n<\/ul>\n<p style=\"text-align: justify;\">Per informazioni dettagliate, consultare il sito dell&#8217;<a href=\"https:\/\/www.bag.admin.ch\/bag\/it\/home\/krankheiten\/ausbrueche-epidemien-pandemien\/aktuelle-ausbrueche-epidemien\/novel-cov\/empfehlungen-fuer-reisende\/quarantaene-einreisende.html#-2136027964\" target=\"_blank\" rel=\"noopener\"><strong>ufficio federale della Sanit\u00e0 Pubblica<\/strong><\/a>.<\/p>\n<p style=\"text-align: justify;\">\u00c8 disponibile anche lo strumento di verifica online &#8220;<a href=\"https:\/\/travelcheck.admin.ch\/home\" target=\"_blank\" rel=\"noopener\"><strong>TravelCheck<\/strong><\/a>&#8220;.<\/p>\n<p style=\"text-align: justify;\"><span style=\"text-decoration: underline;\">Al momento non vige alcun obbligo di quarantena per chi entra in Svizzera<\/span>.<\/p>\n<p>\u00a0<\/p>\n","protected":false},"excerpt":{"rendered":"Dal 22 gennaio 2022 se si \u00e8 vaccinati o guariti, per entrare in Svizzera non \u00e8 pi\u00f9 necessario presentare il risultato negativo di un test (PCR e\/o Antigenico). Per tutte le persone, non vaccinate e non guarite, a partire da 16 anni, per entrare in Svizzera \u00e8 obbligatorio presentare un test PCR negativo effettuato non [&hellip;]","protected":false},"author":1,"featured_media":0,"comment_status":"","ping_status":"","sticky":false,"template":"","format":"standard","meta":{"footnotes":""},"tags":[],"class_list":["post-666","post","type-post","status-publish","format-standard","hentry"],"_links":{"self":[{"href":"https:\/\/consbasilea.esteri.it\/it\/wp-json\/wp\/v2\/posts\/666","targetHints":{"allow":["GET"]}}],"collection":[{"href":"https:\/\/consbasilea.esteri.it\/it\/wp-json\/wp\/v2\/posts"}],"about":[{"href":"https:\/\/consbasilea.esteri.it\/it\/wp-json\/wp\/v2\/types\/post"}],"author":[{"embeddable":true,"href":"https:\/\/consbasilea.esteri.it\/it\/wp-json\/wp\/v2\/users\/1"}],"replies":[{"embeddable":true,"href":"https:\/\/consbasilea.esteri.it\/it\/wp-json\/wp\/v2\/comments?post=666"}],"version-history":[{"count":0,"href":"https:\/\/consbasilea.esteri.it\/it\/wp-json\/wp\/v2\/posts\/666\/revisions"}],"wp:attachment":[{"href":"https:\/\/consbasilea.esteri.it\/it\/wp-json\/wp\/v2\/media?parent=666"}],"wp:term":[{"taxonomy":"post_tag","embeddable":true,"href":"https:\/\/consbasilea.esteri.it\/it\/wp-json\/wp\/v2\/tags?post=666"}],"curies":[{"name":"wp","href":"https:\/\/api.w.org\/{rel}","templated":true}]}}