{"id":654,"date":"2022-03-24T12:18:52","date_gmt":"2022-03-24T10:18:52","guid":{"rendered":"https:\/\/consbasilea.esteri.it\/news\/dal_consolato\/2022\/03\/07-04-2022-cento-anni-dalla-nascita\/"},"modified":"2022-03-24T12:18:52","modified_gmt":"2022-03-24T10:18:52","slug":"07-04-2022-cento-anni-dalla-nascita","status":"publish","type":"post","link":"https:\/\/consbasilea.esteri.it\/it\/news\/dal_consolato\/2022\/03\/07-04-2022-cento-anni-dalla-nascita\/","title":{"rendered":"07\/04\/2022 &#8211; CENTO ANNI DALLA NASCITA DI PASOLINI"},"content":{"rendered":"<p>Sono passati gi\u00e0 cento anni dalla nascita di Pasolini, eppure PPP resta pi\u00f9 che mai attuale e contemporaneo. Se ne parler\u00e0 nel Lichtspiel il 7 aprile alle 17:30 con Roberto Chiesi, dell\u2019Archivio Pasolini della Cineteca di Bologna. Seguir\u00e0 la proiezione di Accattone con i sottotitoli in francese. In collaborazione con il Comitato della Societ\u00e0 Dante Alighieri di Berna.<\/p>\n<p><a href=\"resource\/doc\/2022\/03\/pasolini.pdf\" target=\"_blank\" rel=\"noopener\">Locandina<\/a><\/p>\n","protected":false},"excerpt":{"rendered":"Sono passati gi\u00e0 cento anni dalla nascita di Pasolini, eppure PPP resta pi\u00f9 che mai attuale e contemporaneo. Se ne parler\u00e0 nel Lichtspiel il 7 aprile alle 17:30 con Roberto Chiesi, dell\u2019Archivio Pasolini della Cineteca di Bologna. Seguir\u00e0 la proiezione di Accattone con i sottotitoli in francese. In collaborazione con il Comitato della Societ\u00e0 Dante [&hellip;]","protected":false},"author":1,"featured_media":0,"comment_status":"","ping_status":"","sticky":false,"template":"","format":"standard","meta":{"footnotes":""},"tags":[],"class_list":["post-654","post","type-post","status-publish","format-standard","hentry"],"_links":{"self":[{"href":"https:\/\/consbasilea.esteri.it\/it\/wp-json\/wp\/v2\/posts\/654","targetHints":{"allow":["GET"]}}],"collection":[{"href":"https:\/\/consbasilea.esteri.it\/it\/wp-json\/wp\/v2\/posts"}],"about":[{"href":"https:\/\/consbasilea.esteri.it\/it\/wp-json\/wp\/v2\/types\/post"}],"author":[{"embeddable":true,"href":"https:\/\/consbasilea.esteri.it\/it\/wp-json\/wp\/v2\/users\/1"}],"replies":[{"embeddable":true,"href":"https:\/\/consbasilea.esteri.it\/it\/wp-json\/wp\/v2\/comments?post=654"}],"version-history":[{"count":0,"href":"https:\/\/consbasilea.esteri.it\/it\/wp-json\/wp\/v2\/posts\/654\/revisions"}],"wp:attachment":[{"href":"https:\/\/consbasilea.esteri.it\/it\/wp-json\/wp\/v2\/media?parent=654"}],"wp:term":[{"taxonomy":"post_tag","embeddable":true,"href":"https:\/\/consbasilea.esteri.it\/it\/wp-json\/wp\/v2\/tags?post=654"}],"curies":[{"name":"wp","href":"https:\/\/api.w.org\/{rel}","templated":true}]}}