{"id":647,"date":"2022-05-03T10:35:24","date_gmt":"2022-05-03T08:35:24","guid":{"rendered":"https:\/\/consbasilea.esteri.it\/news\/dal_consolato\/2022\/05\/covid-19-ingresso-in-italia-dal_0\/"},"modified":"2022-05-03T10:35:24","modified_gmt":"2022-05-03T08:35:24","slug":"covid-19-ingresso-in-italia-dal_0","status":"publish","type":"post","link":"https:\/\/consbasilea.esteri.it\/it\/news\/dal_consolato\/2022\/05\/covid-19-ingresso-in-italia-dal_0\/","title":{"rendered":"COVID-19: INGRESSO IN ITALIA DAL 1 MAGGIO AL 15 GIUGNO"},"content":{"rendered":"<p style=\"text-align: justify;\">Di seguito le regole in vigore per l&#8217;ingresso in Italia dal 1\u00b0 maggio al 15 giugno.<\/p>\n<p style=\"text-align: justify;\">In assenza di sintomi compatibili con COVID-19, l&#8217;ingresso in Italia \u00e8 consentito a condizione di possedere una tra le seguenti certificazioni:<\/p>\n<p style=\"text-align: justify;\">1. <strong>Vaccinazione completa<\/strong> con <a href=\"https:\/\/www.ema.europa.eu\/en\/human-regulatory\/overview\/public-health-threats\/coronavirus-disease-covid-19\/treatments-vaccines\/vaccines-covid-19\/covid-19-vaccines-authorised\" target=\"_blank\" rel=\"noopener\">vaccino autorizzato dall\u2019EMA<\/a>, <strong>effettuata da meno di 9 mesi<\/strong> (Certificazione Digitale UE o certificazione equivalente per le autorit\u00e0 italiane);<\/p>\n<p style=\"text-align: justify;\">2. <strong>Vaccinazione completa<\/strong> con <a href=\"https:\/\/www.ema.europa.eu\/en\/human-regulatory\/overview\/public-health-threats\/coronavirus-disease-covid-19\/treatments-vaccines\/vaccines-covid-19\/covid-19-vaccines-authorised\" target=\"_blank\" rel=\"noopener\">vaccino autorizzato dall\u2019EMA<\/a> e dose di richiamo (cd. booster), in formato Certificazione Digitale UE o certificazione equivalente per le autorit\u00e0 italiane;<\/p>\n<p style=\"text-align: justify;\">3. <strong>Guarigione da COVID-19, da meno di 6 mesi<\/strong> (formato Certificazione Digitale UE o certificazione equivalente per le autorit\u00e0 italiane);<\/p>\n<p style=\"text-align: justify;\">4. Risultato negativo di <strong>test molecolare condotto con tampone<\/strong> nelle <strong>settantadue (72) ore prima dell\u2019ingresso in Italia o test antigenico condotto con tampone<\/strong> nelle <strong>quarantotto (48) ore prima dell\u2019ingresso in Italia<\/strong>.<\/p>\n<p style=\"text-align: justify;\">In caso di mancata presentazione di <strong>uno dei documenti indicati dal punto 1 al punto 4<\/strong>, l\u2019ingresso in Italia \u00e8 possibile ma <strong>con obbligo di quarantena presso il proprio domicilio, per un periodo di cinque (5) giorni<\/strong>, con l&#8217;obbligo di sottoporsi a un test molecolare o antigenico, effettuato per mezzo di tampone, alla fine di detto periodo.<\/p>\n<p style=\"text-align: justify;\"><span style=\"text-decoration: underline;\"><strong>Le certificazioni da 1 a 4 possono essere esibite in formato digitale o cartaceo<\/strong><\/span>.<\/p>\n<p style=\"text-align: justify;\"><strong>INGRESSO DI MINORI<\/strong>:<\/p>\n<p style=\"text-align: justify;\"><strong>I minori al di sotto dei 6 anni di et\u00e0<\/strong> possono entrare in Italia senza ulteriori formalit\u00e0 e sono sempre esentati dall\u2019obbligo di test molecolare o antigenico.<\/p>\n<p style=\"text-align: justify;\"><strong>ATTENZIONE: Dal 1 febbraio 2022<\/strong>, le certificazioni rilasciate a seguito di completamento del ciclo vaccinale e le certificazioni di guarigione (Green Pass da vaccinazione o guarigione), in Italia, hanno una <strong>validit\u00e0<\/strong> di<strong> sei (6) mesi<\/strong>, come stabilito all&#8217;art. 3 del Decreto Legge 24 dicembre 2021, n. 221.<\/p>\n<p style=\"text-align: justify;\">Dal 1 maggio, \u00e8 <strong>obbligatorio indossare i dispositivi di protezione delle vie respiratorie di tipo FFP2<\/strong> nei seguenti casi:<\/p>\n<p style=\"text-align: justify;\">a) per l&#8217;accesso ai seguenti <strong>mezzi di trasporto<\/strong> e per il loro utilizzo:<\/p>\n<p style=\"margin-left: 30px; text-align: justify;\">1) <strong>aeromobili<\/strong> adibiti a servizi commerciali di trasporto di persone;<\/p>\n<p style=\"margin-left: 30px; text-align: justify;\">2) <strong>navi e traghetti<\/strong> adibiti a servizi di trasporto interregionale;<\/p>\n<p style=\"margin-left: 30px; text-align: justify;\">3) <strong>treni<\/strong> impiegati nei servizi di trasporto ferroviario passeggeri di tipo interregionale, Intercity, Intercity Notte e Alta Velocit\u00e0;<\/p>\n<p style=\"margin-left: 30px; text-align: justify;\">4) <strong>autobus adibiti a servizi di trasporto di persone<\/strong>, ad offerta indifferenziata, effettuati su strada in modo continuativo o periodico su un percorso che collega pi\u00f9 di due regioni e aventi itinerari, orari, frequenze e prezzi prestabiliti;<\/p>\n<p style=\"margin-left: 30px; text-align: justify;\">5) autobus adibiti a servizi di noleggio con conducente;<\/p>\n<p style=\"margin-left: 30px; text-align: justify;\">6) mezzi impiegati nei servizi di trasporto pubblico locale o regionale;<\/p>\n<p style=\"text-align: justify;\">b) per gli <strong>spettacoli aperti al pubblico che si svolgono al chiuso in sale teatrali, sale da concerto, sale cinematografiche<\/strong>, locali di intrattenimento e musica dal vivo e in altri locali assimilati, nonch\u00e9&#8217; per gli eventi e le competizioni sportive che si svolgono al chiuso.<\/p>\n<p style=\"text-align: justify;\">Inoltre, \u00e8 d&#8217;obbligo indossare dispositivi di protezione delle vie respiratorie per i visitatori delle strutture sanitarie, socio-sanitarie e socio-assistenziali.<\/p>\n<p style=\"text-align: justify;\">\u00c8 comunque raccomandato di indossare dispositivi di protezione delle vie respiratorie in tutti i luoghi al chiuso pubblici o aperti al pubblico.<\/p>\n<p style=\"text-align: justify;\">Non hanno l&#8217;obbligo di indossare il dispositivo di protezione delle vie respiratorie:<\/p>\n<p style=\"text-align: justify;\">a) i bambini di et\u00e0 inferiore ai sei anni;<\/p>\n<p style=\"text-align: justify;\">b) le persone con patologie o disabilit\u00e0 incompatibili con l&#8217;uso della mascherina, nonch\u00e9 le persone che devono comunicare con una persona con disabilit\u00e0 in modo da non poter fare uso del dispositivo;<\/p>\n<p style=\"text-align: justify;\">c) i soggetti che stanno svolgendo attivit\u00e0 sportiva.<\/p>\n<p style=\"text-align: justify;\"><span style=\"text-decoration: underline;\">Per quesiti pi\u00f9 specifici in merito all\u2019ingresso nel Paese, si raccomanda di contattare la <strong>Polizia di Frontiera<\/strong> o la <strong>Prefettura<\/strong> competente per territorio oppure il numero telefonico <strong>+390232008345<\/strong>.<\/span><\/p>\n<p style=\"text-align: justify;\">Per ulteriori informazioni si prega di visitare il sito del <strong><a href=\"https:\/\/www.esteri.it\/mae\/it\/ministero\/normativaonline\/decreto-iorestoacasa-domande-frequenti\/focus-cittadini-italiani-in-rientro-dall-estero-e-cittadini-stranieri-in-italia.html\" target=\"_blank\" rel=\"noopener\">Ministero degli Esteri<\/a><\/strong>, il sito <strong><a href=\"http:\/\/www.viaggiaresicuri.it\/approfondimenti-insights\/saluteinviaggio\" target=\"_blank\" rel=\"noopener\">viaggiare sicuri<\/a><\/strong> e il sito delle <a href=\"http:\/\/www.regioni.it\/regioni-online\/\" target=\"_blank\" rel=\"noopener\"><strong>regioni italiane<\/strong><\/a>.<\/p>\n<p style=\"text-align: justify;\">\u00a0<\/p>\n","protected":false},"excerpt":{"rendered":"Di seguito le regole in vigore per l&#8217;ingresso in Italia dal 1\u00b0 maggio al 15 giugno. In assenza di sintomi compatibili con COVID-19, l&#8217;ingresso in Italia \u00e8 consentito a condizione di possedere una tra le seguenti certificazioni: 1. Vaccinazione completa con vaccino autorizzato dall\u2019EMA, effettuata da meno di 9 mesi (Certificazione Digitale UE o certificazione [&hellip;]","protected":false},"author":1,"featured_media":0,"comment_status":"","ping_status":"","sticky":false,"template":"","format":"standard","meta":{"footnotes":""},"tags":[],"class_list":["post-647","post","type-post","status-publish","format-standard","hentry"],"_links":{"self":[{"href":"https:\/\/consbasilea.esteri.it\/it\/wp-json\/wp\/v2\/posts\/647","targetHints":{"allow":["GET"]}}],"collection":[{"href":"https:\/\/consbasilea.esteri.it\/it\/wp-json\/wp\/v2\/posts"}],"about":[{"href":"https:\/\/consbasilea.esteri.it\/it\/wp-json\/wp\/v2\/types\/post"}],"author":[{"embeddable":true,"href":"https:\/\/consbasilea.esteri.it\/it\/wp-json\/wp\/v2\/users\/1"}],"replies":[{"embeddable":true,"href":"https:\/\/consbasilea.esteri.it\/it\/wp-json\/wp\/v2\/comments?post=647"}],"version-history":[{"count":0,"href":"https:\/\/consbasilea.esteri.it\/it\/wp-json\/wp\/v2\/posts\/647\/revisions"}],"wp:attachment":[{"href":"https:\/\/consbasilea.esteri.it\/it\/wp-json\/wp\/v2\/media?parent=647"}],"wp:term":[{"taxonomy":"post_tag","embeddable":true,"href":"https:\/\/consbasilea.esteri.it\/it\/wp-json\/wp\/v2\/tags?post=647"}],"curies":[{"name":"wp","href":"https:\/\/api.w.org\/{rel}","templated":true}]}}