{"id":637,"date":"2022-08-24T11:08:33","date_gmt":"2022-08-24T09:08:33","guid":{"rendered":"https:\/\/consbasilea.esteri.it\/news\/dal_consolato\/2022\/08\/saluto-del-console-paolucci-alla\/"},"modified":"2022-08-24T11:08:33","modified_gmt":"2022-08-24T09:08:33","slug":"saluto-del-console-paolucci-alla","status":"publish","type":"post","link":"https:\/\/consbasilea.esteri.it\/it\/news\/dal_consolato\/2022\/08\/saluto-del-console-paolucci-alla\/","title":{"rendered":"SALUTO DEL CONSOLE PAOLUCCI ALLA COLLETTIVIT\u00c0"},"content":{"rendered":"<p><img loading=\"lazy\" decoding=\"async\" src=\"resource\/img\/2022\/08\/pdf_icon.png\" alt=\"pdf icon\" width=\"14\" height=\"18\" \/>\u00a0<a href=\"resource\/doc\/2022\/08\/2022.08.23_-saluto_fine_mandato_pmp_-firmato-.pdf\" target=\"_blank\" rel=\"noopener\">Scarica la lettera<\/a><\/p>\n<p>\u00a0<\/p>\n<p style=\"text-align: justify;\">Care e cari Connazionali,<\/p>\n<p style=\"text-align: justify;\">mi appresto a concludere il mio mandato qui a Basilea.<\/p>\n<p style=\"text-align: justify;\">Era l\u2019inizio di marzo del 2019 quando, in modo non per nulla casuale, ho iniziato il mio incarico. In maniera del tutto inaspettata era segno tangibile che qualcosa stava cambiando e che un nuovo libro si stava iniziando a scrivere. Ci ritrovammo, poco dopo, ad affrontare problemi non semplici, legati fondamentalmente alla disastrosa emergenza del COVID.<\/p>\n<p style=\"text-align: justify;\">Iniziammo a conoscerci e confrontarci, spesso anche con toni accesi, ma scoprendo fin da subito il comune intento e l\u2019analoga visione della realt\u00e0 della circoscrizione di Basilea e delle sue necessit\u00e0. Ognuno mantenendo la propria individualit\u00e0 e libert\u00e0 di pensiero, ma sempre con l&#8217;obiettivo finale di trovare una sintesi, perch\u00e9 grazie a tale unione si sarebbero potuti davvero ottenere i migliori risultati.<\/p>\n<p style=\"text-align: justify;\">Ringrazio per questo Roger Nesti \u2013 consigliere del CGIE, Michele Schiavone (SG del CGIE) e Nella Sempio, gi\u00e0 presidente del locale Comites, Padre Valerio Farronato e la missione cattolica; il Reverendo Christian Gysin e la Chiesa Evangelica di lingua italiana e ultimo, ma non ultimo, il Cav. Giancarlo Roberti.<\/p>\n<p style=\"text-align: justify;\">Non star\u00f2 qui a ripercorrere ci\u00f2 che \u00e8 stato detto e soprattutto fatto in concreto: i nostri social, i verbali dei COMITES, la nostra \u201cpresenza\u201d e riconoscibilit\u00e0 in ogni attivit\u00e0 della e per la circoscrizione consolare sono ampia testimonianza del nostro operato (con una comunicazione periodica sempre dettagliata fin nei contenuti).<\/p>\n<p style=\"text-align: justify;\">\u00c8 stata un&#8217;esperienza assolutamente difficile, ma al contempo coinvolgente: con i colleghi del Consolato, con la maggior parte dei quali abbiamo lavorato in modo collaborativo e proficuo \u2013 buon esempio di resilienza e di resistenza &#8211; e dei quali sono onorato di aver fatto parte, rapportandoci in maniera attiva e propositiva nei confronti di ognuno dei Connazionali della nostra circoscrizione. Senza l\u2019aiuto, per\u00f2, dei nostri corrispondenti consolari (in particolare, a me cari, il Cav. Franco Mancini, Nicola Paola e il compianto Arnaldo Graziosi) difficile avere il polso della reale situazione.<\/p>\n<p style=\"text-align: justify;\">Avremmo potuto fare di pi\u00f9? Certo! Avremmo potuto fare meglio? Forse! Ma sebbene tutto sia perfettibile, il lavoro \u00e8 stato tanto, l&#8217;impegno \u00e8 stato assiduo ed i risultati sono stati di sostanza e qualit\u00e0 (numeri alla mano), soprattutto in considerazione della situazione in cui ci siamo trovati ad operare per pi\u00f9 di due anni.<\/p>\n<p style=\"text-align: justify;\">Non abbiamo di certo rivoluzionato il Consolato (n\u00e9 avremmo potuto farlo, rapportato a quante cose ci sono ancora da poter fare concretamente): abbiamo, per\u00f2, ascoltato, osservato, capito e alla fine deciso \u2013 nel rispetto delle norme &#8211; ben sapendo che il nostro servizio \u00e8 retto dal lavoro, dalla passione, dalla professionalit\u00e0, dalla dedizione e tante volte, dal coinvolgimento di tutte le sue componenti che, in tutto questo hanno giocato (e sempre di pi\u00f9 giocheranno) un ruolo fondamentale la partecipazione di tutti gli attori. Ringrazio per questo S.E l\u2019Ambasciatore Mignano per la presenza costante e il ruolo, fondamentale, della sua attivit\u00e0 di coordinamento della rete consolare, il Dr. Daniele Bianchi, la DGIT e il suo D.G. Luigi Maria Vignali, la DGAI e il suo D.G. Nicandro Cascardi e il superiore Ministero per avermi consentito di ricoprire questo ruolo istituzionale cos\u00ec importante.<\/p>\n<p style=\"text-align: justify;\">Quindi un&#8217;esperienza stimolante, ricca di relazioni umane, a volte faticosa e demoralizzante, ma dalla quale se ne esce sicuramente arricchiti e nella quale ritengo di aver dato un significativo contributo, come dimostrano i tantissimi attestati di stima e riconoscenza che in questi anni ho ricevuto da pi\u00f9 parti.<\/p>\n<p style=\"text-align: justify;\">Creare una profonda ed inedita sinergia tra le tante realt\u00e0 \u201cbasileesi\u201d che, a vario titolo, si rapportano con i servizi consolari non \u00e8 agevole. Se oggi \u00e8 possibile constatare una concreta e tangibile attenzione verso il Consolato e le sue attivit\u00e0 \u00e8 grazie, anche, all&#8217;impegno profuso per coinvolgere le realt\u00e0 economiche del territorio, quelle imprenditoriali, internazionali, le associazioni culturali, le famiglie, i singoli connazionali in una realt\u00e0 a volte ovattata.<\/p>\n<p style=\"text-align: justify;\">Naturalmente va il mio pi\u00f9 sentito ringraziamento anche a tutti Voi, care e cari Connazionali, a tutti quelli che in questi anni mi hanno sostenuto e supportato. A tutti quelli che non hanno mai mancato di far sentire la loro voce contraria: anche grazie a Voi siamo arrivati fin qui!<\/p>\n<p style=\"text-align: justify;\">Un grazie agli ultimi colleghi arrivati in Consolato: sono certo che la vostra dedizione, il buon esempio e la voglia di fare porter\u00e0 un pizzico di armonia in pi\u00f9 nell\u2019attivit\u00e0 di tutti i giorni. Voglio continuare a credere che il futuro vedr\u00e0 servitori dello Stato sempre pi\u00f9 attenti e fiduciosi, reali protagonisti dei cambiamenti migliori nella fruizione dei servizi consolari.<\/p>\n<p style=\"text-align: justify;\">La storia del Consolato di Basilea \u00e8 un libro iniziato a scrivere tanti anni fa e oggi prosegue: un augurio al Reggente, Dr. Giovanni Cavagnoli, che mi sostituir\u00e0 fin dal 29 agosto p.v. in attesa dell\u2019arrivo di un nuovo Console.<\/p>\n<p style=\"text-align: justify;\">Il Consolato \u00e8 \u201cuna realt\u00e0 da vivere\u201d: abbiate il coraggio, care e cari Connazionali, dei vostri doveri!!<\/p>\n<p style=\"text-align: justify;\">Oggi, grazie al lavoro fin qui fatto, si sar\u00e0 in grado di affrontare, nel migliore dei modi, le nuove sfide che la vita inevitabilmente comporter\u00e0.<\/p>\n<p style=\"text-align: justify;\">GRAZIE!<\/p>\n<p style=\"text-align: justify;\">Pietro Maria Paolucci<\/p>\n","protected":false},"excerpt":{"rendered":"\u00a0Scarica la lettera \u00a0 Care e cari Connazionali, mi appresto a concludere il mio mandato qui a Basilea. Era l\u2019inizio di marzo del 2019 quando, in modo non per nulla casuale, ho iniziato il mio incarico. In maniera del tutto inaspettata era segno tangibile che qualcosa stava cambiando e che un nuovo libro si stava [&hellip;]","protected":false},"author":1,"featured_media":0,"comment_status":"","ping_status":"","sticky":false,"template":"","format":"standard","meta":{"footnotes":""},"tags":[],"class_list":["post-637","post","type-post","status-publish","format-standard","hentry"],"_links":{"self":[{"href":"https:\/\/consbasilea.esteri.it\/it\/wp-json\/wp\/v2\/posts\/637","targetHints":{"allow":["GET"]}}],"collection":[{"href":"https:\/\/consbasilea.esteri.it\/it\/wp-json\/wp\/v2\/posts"}],"about":[{"href":"https:\/\/consbasilea.esteri.it\/it\/wp-json\/wp\/v2\/types\/post"}],"author":[{"embeddable":true,"href":"https:\/\/consbasilea.esteri.it\/it\/wp-json\/wp\/v2\/users\/1"}],"replies":[{"embeddable":true,"href":"https:\/\/consbasilea.esteri.it\/it\/wp-json\/wp\/v2\/comments?post=637"}],"version-history":[{"count":0,"href":"https:\/\/consbasilea.esteri.it\/it\/wp-json\/wp\/v2\/posts\/637\/revisions"}],"wp:attachment":[{"href":"https:\/\/consbasilea.esteri.it\/it\/wp-json\/wp\/v2\/media?parent=637"}],"wp:term":[{"taxonomy":"post_tag","embeddable":true,"href":"https:\/\/consbasilea.esteri.it\/it\/wp-json\/wp\/v2\/tags?post=637"}],"curies":[{"name":"wp","href":"https:\/\/api.w.org\/{rel}","templated":true}]}}