{"id":4876,"date":"2025-12-22T11:10:12","date_gmt":"2025-12-22T09:10:12","guid":{"rendered":"https:\/\/consbasilea.esteri.it\/?p=4876"},"modified":"2025-12-22T11:10:12","modified_gmt":"2025-12-22T09:10:12","slug":"auguri-di-buon-natale-dal-consolato-ditalia-a-basilea-saluto-del-console","status":"publish","type":"post","link":"https:\/\/consbasilea.esteri.it\/it\/news\/dal_consolato\/2025\/12\/auguri-di-buon-natale-dal-consolato-ditalia-a-basilea-saluto-del-console\/","title":{"rendered":"Auguri di Buon Natale dal Consolato d&#8217;Italia a Basilea &#8211; Saluto del Console"},"content":{"rendered":"<p>&nbsp;<\/p>\n<p>Invio sinceri auguri a tutti per le prossime festivit\u00e0 e colgo l\u2019occasione per presentarmi.<br \/>\nDal\u00a0 27 ottobre 2025 ho assunto l\u2019incarico di Capo Missione del Consolato d\u2019Italia a Basilea dopo tre anni in Brasile a capo del Consolato generale di Curitiba.<br \/>\nCon entusiasmo ho accettato il compito di assistere i connazionali che risiedono nella circoscrizione consolare di Basilea (Basilea Citt\u00e0, Basilea Campagna, Argovia, Soletta e Giura). La presenza italiana \u00e8 storica (il primo Consolato risalirebbe al 1875) ed \u00e8 caratterizzata non solo da figure rilevanti nel campo scientifico, letterario, economico e culturale ma soprattutto dalla vivace eterogeneit\u00e0 delle comunit\u00e0 rappresentate dalle Associazioni attive sul territorio. In continuit\u00e0 con il passato e con lo sguardo rivolto alle nuove generazioni, il Consolato rappresenta il luogo di riferimento per l\u2019erogazione dei servizi consolari che affrontano oggi le sfide delle recenti innovazioni normative e gli adeguamenti alla digitalizzazione ma anche il luogo dove riconoscersi e conoscere le proprie radici e la lingua che \u00e8 occasione unica di comunicazione tra il passato e il futuro. Un patrimonio a portata di mano che deve rafforzare l\u2019anello pi\u00f9 significativo della catena che ci lega al passato nel presente: i giovani.<\/p>\n<p>Eugenia Tiziana Berti<\/p>\n<p><em>Console d&#8217;Italia a Basilea<\/em><\/p>\n<p>&nbsp;<\/p>\n<p>Credits picture: <em>Annika Giannini<\/em><\/p>\n","protected":false},"excerpt":{"rendered":"&nbsp; Invio sinceri auguri a tutti per le prossime festivit\u00e0 e colgo l\u2019occasione per presentarmi. Dal\u00a0 27 ottobre 2025 ho assunto l\u2019incarico di Capo Missione del Consolato d\u2019Italia a Basilea dopo tre anni in Brasile a capo del Consolato generale di Curitiba. Con entusiasmo ho accettato il compito di assistere i connazionali che risiedono nella [&hellip;]","protected":false},"author":4,"featured_media":4882,"comment_status":"closed","ping_status":"closed","sticky":false,"template":"","format":"standard","meta":{"footnotes":""},"tags":[],"class_list":["post-4876","post","type-post","status-publish","format-standard","has-post-thumbnail","hentry"],"_links":{"self":[{"href":"https:\/\/consbasilea.esteri.it\/it\/wp-json\/wp\/v2\/posts\/4876","targetHints":{"allow":["GET"]}}],"collection":[{"href":"https:\/\/consbasilea.esteri.it\/it\/wp-json\/wp\/v2\/posts"}],"about":[{"href":"https:\/\/consbasilea.esteri.it\/it\/wp-json\/wp\/v2\/types\/post"}],"author":[{"embeddable":true,"href":"https:\/\/consbasilea.esteri.it\/it\/wp-json\/wp\/v2\/users\/4"}],"replies":[{"embeddable":true,"href":"https:\/\/consbasilea.esteri.it\/it\/wp-json\/wp\/v2\/comments?post=4876"}],"version-history":[{"count":3,"href":"https:\/\/consbasilea.esteri.it\/it\/wp-json\/wp\/v2\/posts\/4876\/revisions"}],"predecessor-version":[{"id":4883,"href":"https:\/\/consbasilea.esteri.it\/it\/wp-json\/wp\/v2\/posts\/4876\/revisions\/4883"}],"wp:featuredmedia":[{"embeddable":true,"href":"https:\/\/consbasilea.esteri.it\/it\/wp-json\/wp\/v2\/media\/4882"}],"wp:attachment":[{"href":"https:\/\/consbasilea.esteri.it\/it\/wp-json\/wp\/v2\/media?parent=4876"}],"wp:term":[{"taxonomy":"post_tag","embeddable":true,"href":"https:\/\/consbasilea.esteri.it\/it\/wp-json\/wp\/v2\/tags?post=4876"}],"curies":[{"name":"wp","href":"https:\/\/api.w.org\/{rel}","templated":true}]}}