{"id":4185,"date":"2025-04-02T17:59:03","date_gmt":"2025-04-02T15:59:03","guid":{"rendered":"https:\/\/consbasilea.esteri.it\/?p=4185"},"modified":"2025-04-02T17:59:03","modified_gmt":"2025-04-02T15:59:03","slug":"giornata-mondiale-della-consapevolezza-sullautismo-conferenza-organizzata-a-basilea-per-il-12-aprile-2025","status":"publish","type":"post","link":"https:\/\/consbasilea.esteri.it\/it\/news\/dal_consolato\/2025\/04\/giornata-mondiale-della-consapevolezza-sullautismo-conferenza-organizzata-a-basilea-per-il-12-aprile-2025\/","title":{"rendered":"Giornata mondiale della consapevolezza sull\u2019autismo &#8211; Conferenza organizzata a Basilea per il 12 aprile 2025."},"content":{"rendered":"<p><strong>FUORI DALLE RIGHE: UN&#8217;OPPORTUNUIT\u00c0 PER CAMBIARE LO SGUARDO<\/strong><\/p>\n<p><em>Neurosviluppo e diagnosi precoce \u2013 Incontro sulla diversit\u00e0 e l&#8217;inclusivit\u00e0<\/em><\/p>\n<p>Sabato 12 aprile 2025, dalle 16:30 alle 18:30, presso la Sala G.B. Scalabrini della Parrocchia S. Pio X, R\u00fcmelinbachweg 14, 4054 Basilea, si terr\u00e0 un incontro dedicato al <strong>tema del neurosviluppo e dell\u2019importanza della diagnosi precoce.<\/strong> L\u2019evento vuole offrire uno spazio di confronto e riflessione sulla diversit\u00e0 e l\u2019inclusivit\u00e0, promuovendo una maggiore consapevolezza e comprensione delle sfide e delle opportunit\u00e0 legate all\u2019autismo e alle neurodivergenze.<\/p>\n<p>Interverranno <strong>Clarissa Guenzi<\/strong>, docente e autrice di \u201cChe tu sia per me lo specchio\u201d, una toccante testimonianza di vita con un figlio nello spettro autistico, ed <strong>Elvira Rigillo<\/strong>, psicoterapeuta esperta in diagnosi e intervento precoce secondo l\u2019Early Start Denver Model. A moderare l\u2019incontro sar\u00e0 <strong>Barbara Sorce<\/strong>, Copresidente di ASI Autismo Svizzera Italiana.<\/p>\n<p>L\u2019evento \u00e8 organizzato dal <strong>Gruppo Supereroi<\/strong>, con il patrocinio di questo <strong>Consolato d\u2019Italia a Basilea<\/strong> e di <strong>Autismo Svizzera<\/strong>.<\/p>\n<p>Sar\u00e0 un\u2019occasione per cambiare prospettiva, ascoltare esperienze dirette e scoprire strumenti concreti per costruire una societ\u00e0 pi\u00f9 accogliente e inclusiva. L&#8217;incontro si terr\u00e0 in lingua italiana.<\/p>\n<p>Il <em>Gruppo Supereroi<\/em> \u00e8 una rete di familiari (al momento 14 famiglie) confrontati direttamente o indirettamente con la neurodiversit\u00e0. Questo gruppo nasce dall&#8217;esigenza di dare voce alle esperienze reali di chi vive l&#8217;autismo ogni giorno, con l&#8217;obiettivo di creare un impatto positivo sulla societ\u00e0. Grazie alla loro esperienza diretta, i membri del gruppo contribuiscono attivamente alla realizzazione delle iniziative del progetto, mettendo a disposizione competenze, testimonianze e passione per costruire un futuro pi\u00f9 inclusivo.<\/p>\n","protected":false},"excerpt":{"rendered":"FUORI DALLE RIGHE: UN&#8217;OPPORTUNUIT\u00c0 PER CAMBIARE LO SGUARDO Neurosviluppo e diagnosi precoce \u2013 Incontro sulla diversit\u00e0 e l&#8217;inclusivit\u00e0 Sabato 12 aprile 2025, dalle 16:30 alle 18:30, presso la Sala G.B. Scalabrini della Parrocchia S. Pio X, R\u00fcmelinbachweg 14, 4054 Basilea, si terr\u00e0 un incontro dedicato al tema del neurosviluppo e dell\u2019importanza della diagnosi precoce. L\u2019evento [&hellip;]","protected":false},"author":4,"featured_media":4188,"comment_status":"closed","ping_status":"closed","sticky":false,"template":"","format":"standard","meta":{"footnotes":""},"tags":[],"class_list":["post-4185","post","type-post","status-publish","format-standard","has-post-thumbnail","hentry"],"_links":{"self":[{"href":"https:\/\/consbasilea.esteri.it\/it\/wp-json\/wp\/v2\/posts\/4185","targetHints":{"allow":["GET"]}}],"collection":[{"href":"https:\/\/consbasilea.esteri.it\/it\/wp-json\/wp\/v2\/posts"}],"about":[{"href":"https:\/\/consbasilea.esteri.it\/it\/wp-json\/wp\/v2\/types\/post"}],"author":[{"embeddable":true,"href":"https:\/\/consbasilea.esteri.it\/it\/wp-json\/wp\/v2\/users\/4"}],"replies":[{"embeddable":true,"href":"https:\/\/consbasilea.esteri.it\/it\/wp-json\/wp\/v2\/comments?post=4185"}],"version-history":[{"count":2,"href":"https:\/\/consbasilea.esteri.it\/it\/wp-json\/wp\/v2\/posts\/4185\/revisions"}],"predecessor-version":[{"id":4193,"href":"https:\/\/consbasilea.esteri.it\/it\/wp-json\/wp\/v2\/posts\/4185\/revisions\/4193"}],"wp:featuredmedia":[{"embeddable":true,"href":"https:\/\/consbasilea.esteri.it\/it\/wp-json\/wp\/v2\/media\/4188"}],"wp:attachment":[{"href":"https:\/\/consbasilea.esteri.it\/it\/wp-json\/wp\/v2\/media?parent=4185"}],"wp:term":[{"taxonomy":"post_tag","embeddable":true,"href":"https:\/\/consbasilea.esteri.it\/it\/wp-json\/wp\/v2\/tags?post=4185"}],"curies":[{"name":"wp","href":"https:\/\/api.w.org\/{rel}","templated":true}]}}