{"id":3981,"date":"2025-01-24T13:44:05","date_gmt":"2025-01-24T11:44:05","guid":{"rendered":"https:\/\/consbasilea.esteri.it\/?p=3981"},"modified":"2025-03-21T13:03:46","modified_gmt":"2025-03-21T11:03:46","slug":"giornata-internazionale-della-donna-proiezione-del-film-ce-ancora-domani-a-basilea-e-in-tutte-le-altre-citta-della-svizzera","status":"publish","type":"post","link":"https:\/\/consbasilea.esteri.it\/it\/news\/dal_consolato\/2025\/01\/giornata-internazionale-della-donna-proiezione-del-film-ce-ancora-domani-a-basilea-e-in-tutte-le-altre-citta-della-svizzera\/","title":{"rendered":"Giornata Internazionale della Donna \u2013 proiezione del film \u201cC\u2019\u00e8 ancora domani\u201d in tutte le citta&#8217; della Svizzera (6 marzo 2025, ore 20:00)"},"content":{"rendered":"<p>L\u2019Ambasciata d\u2019Italia a Berna informa che, in occasione della Giornata Internazionale della Donna,<br \/>\n<span style=\"text-decoration: underline;\"><strong>gioved\u00ec 6 marzo 2025 alle ore 20,00<\/strong><\/span> verr\u00e0 presentato presso i Cinema Path\u00e9 di Zurigo, Berna,<br \/>\nGinevra, Losanna, Lucerna, il Cinedome di San Gallo ed i Cinema Arena di Lugano e Basilea il film<br \/>\n\u00abC\u2019\u00e8 ancora domani\u00bb di Paola Cortellesi.<\/p>\n<p>L\u2019ingresso \u00e8 libero previa prenotazione sui seguenti link:<\/p>\n<p><strong>BASILEA<\/strong> \u2013 Cinema Arena (Hochbergerstrasse 70, 4057 Basilea)<\/p>\n<p><span style=\"color: #ff0000;\"><strong>POSTI ESAURITI &#8211; <\/strong><\/span><span style=\"color: #ff0000;\"><strong>Sale pi\u00f9 vicine disponibili: Zurigo e Lucerna<\/strong><\/span><\/p>\n<p><strong>BERNA<\/strong> \u2013 Cinema Path\u00e9 Westside (Riedbachstrasse 102, 3027 Berna) &#8211; 252 posti<br \/>\nPrenotazioni: https:\/\/forms.gle\/iJXdpT5ytrbAFSyJ6 (versione italiana con sottotitoli in tedesco)<\/p>\n<p><span style=\"color: #ff0000;\"><strong>POSTI ESAURITI &#8211; <\/strong><\/span><span style=\"color: #ff0000;\"><strong>Sale pi\u00f9 vicine disponibili: Lucerna e Zurigo<\/strong><\/span><\/p>\n<p><strong>GINEVRA<\/strong> \u2013 Cinema Path\u00e8 Balextert (Av. Louis-Casa\u00ef 27, 1209 Vernier) &#8211; 380 posti<br \/>\nPrenotazioni: https:\/\/forms.gle\/MdXRBjHYoU7eedwt8 (versione italiana con sottotitoli in francese)<\/p>\n<p><span style=\"color: #ff0000;\"><strong>POSTI ESAURITI &#8211; <\/strong><\/span><span style=\"color: #ff0000;\"><strong>Sale pi\u00f9 vicine disponibili: Losanna<\/strong><\/span><\/p>\n<p><strong>LOSANNA<\/strong> \u2013 Cinema Path\u00e9 Flon (rue du Port-Franc 16, 1003 Losanna) &#8211; 280 posti<br \/>\nPrenotazioni: https:\/\/forms.gle\/qSj3QosKoFC4rjhU8 (versione italiana con sottotitoli in francese)<\/p>\n<p><strong>LUCERNA<\/strong> \u2013 Cinema Path\u00e9 Ebikon (Ebisquare Str. 2, 6030 Ebikon) &#8211; 199 posti<br \/>\nPrenotazioni: https:\/\/forms.gle\/kc9gkVLP7F41do9M8 (versione italiana con sottotitoli in tedesco)<\/p>\n<p><strong>LUGANO<\/strong> \u2013 Cinema Arena (Via Filippo Ciani 100, 6900 Lugano) &#8211; 240 posti<br \/>\nPrenotazioni: https:\/\/forms.gle\/9ory3r2FNVrxh8BPA (versione italiana)<\/p>\n<p><strong>SAN GALLO<\/strong> \u2013 blue Cinema Cinedome, (Bildstrasse 1, 9030 Abtwil) 160 posti<br \/>\nPrenotazioni: https:\/\/forms.gle\/XGZc8McrvfNWaEur5 (versione italiana con sottotitoli in tedesco)<\/p>\n<p><span style=\"color: #ff0000;\"><strong>POSTI ESAURITI &#8211; <\/strong><\/span><span style=\"color: #ff0000;\"><strong>Sale pi\u00f9 vicine disponibili: Lucerna<\/strong><\/span><\/p>\n<p><strong>ZURIGO<\/strong> \u2013 Cinema Path\u00e9 Dietlikon (Moorstrasse 2, 8305 Dietlikon) &#8211; 244 posti<br \/>\nPrenotazioni: https:\/\/forms.gle\/D3Nr7j7j22ywaHQN6 (versione italiana con sottotitoli in tedesco)<\/p>\n<p><span style=\"color: #ff0000;\"><strong>POSTI ESAURITI &#8211; <\/strong><\/span><span style=\"color: #ff0000;\"><strong>Sale pi\u00f9 vicine disponibili: Lucerna<\/strong><\/span><\/p>\n<p><strong>Trama del film:<\/strong><\/p>\n<p><span style=\"color: #000000;\"><em>Roma, maggio 1946. La citt\u00e0 \u00e8 occupata, come il resto d&#8217;Italia dopo la sconfitta e le devastazioni della seconda guerra mondiale, dai reparti militari Alleati; \u00e8 inoltre imminente il referendum istituzionale del 2 giugno per scegliere tra Monarchia e Repubblica. In citt\u00e0 vive la famiglia Santucci, composta dalla madre Delia, dal padre Ivano, uomo violento e irascibile, il suocero Ottorino e dai tre figli della coppia: Marcella, Sergio e Franchino. Le giornate di Delia si dividono tra le violenze fisiche e psicologiche perpetrate dal marito, le faccende domestiche e vari lavori sottopagati, in particolare uno in una fabbrica di ombrelli nella quale un giovane ragazzo, nonostante sia un semplice apprendista con molta meno esperienza di lei, percepisce una paga maggiore solamente perch\u00e9 \u00e8 un uomo. Ma un giorno Delia decide di ribellarsi, scegliendo come data per farlo il 2 giugno 1946 giorno del referendum istituzionale dove, per la prima volta in Italia, le donne vengono ammesse a votare.<\/em><\/span><\/p>\n<p><strong>Trailer del film: <\/strong><a href=\"https:\/\/www.youtube.com\/watch?v=GFMzoHJc70I\">https:\/\/www.youtube.com\/watch?v=GFMzoHJc70I<\/a><\/p>\n","protected":false},"excerpt":{"rendered":"L\u2019Ambasciata d\u2019Italia a Berna informa che, in occasione della Giornata Internazionale della Donna, gioved\u00ec 6 marzo 2025 alle ore 20,00 verr\u00e0 presentato presso i Cinema Path\u00e9 di Zurigo, Berna, Ginevra, Losanna, Lucerna, il Cinedome di San Gallo ed i Cinema Arena di Lugano e Basilea il film \u00abC\u2019\u00e8 ancora domani\u00bb di Paola Cortellesi. L\u2019ingresso \u00e8 [&hellip;]","protected":false},"author":4,"featured_media":3987,"comment_status":"closed","ping_status":"closed","sticky":false,"template":"","format":"standard","meta":{"footnotes":""},"tags":[],"class_list":["post-3981","post","type-post","status-publish","format-standard","has-post-thumbnail","hentry"],"_links":{"self":[{"href":"https:\/\/consbasilea.esteri.it\/it\/wp-json\/wp\/v2\/posts\/3981","targetHints":{"allow":["GET"]}}],"collection":[{"href":"https:\/\/consbasilea.esteri.it\/it\/wp-json\/wp\/v2\/posts"}],"about":[{"href":"https:\/\/consbasilea.esteri.it\/it\/wp-json\/wp\/v2\/types\/post"}],"author":[{"embeddable":true,"href":"https:\/\/consbasilea.esteri.it\/it\/wp-json\/wp\/v2\/users\/4"}],"replies":[{"embeddable":true,"href":"https:\/\/consbasilea.esteri.it\/it\/wp-json\/wp\/v2\/comments?post=3981"}],"version-history":[{"count":6,"href":"https:\/\/consbasilea.esteri.it\/it\/wp-json\/wp\/v2\/posts\/3981\/revisions"}],"predecessor-version":[{"id":4096,"href":"https:\/\/consbasilea.esteri.it\/it\/wp-json\/wp\/v2\/posts\/3981\/revisions\/4096"}],"wp:featuredmedia":[{"embeddable":true,"href":"https:\/\/consbasilea.esteri.it\/it\/wp-json\/wp\/v2\/media\/3987"}],"wp:attachment":[{"href":"https:\/\/consbasilea.esteri.it\/it\/wp-json\/wp\/v2\/media?parent=3981"}],"wp:term":[{"taxonomy":"post_tag","embeddable":true,"href":"https:\/\/consbasilea.esteri.it\/it\/wp-json\/wp\/v2\/tags?post=3981"}],"curies":[{"name":"wp","href":"https:\/\/api.w.org\/{rel}","templated":true}]}}