{"id":3128,"date":"2024-09-20T14:15:47","date_gmt":"2024-09-20T12:15:47","guid":{"rendered":"https:\/\/consbasilea.esteri.it\/?p=3128"},"modified":"2024-09-23T11:17:19","modified_gmt":"2024-09-23T09:17:19","slug":"conferenza-emigrazione-italiana-nel-mondo-e-immigrazione-straniera-in-italia-libri-e-cinema-nelle-migrazioni-xxiv-settimana-della-lingua-italiana-nel-mondo","status":"publish","type":"post","link":"https:\/\/consbasilea.esteri.it\/it\/news\/dal_consolato\/2024\/09\/conferenza-emigrazione-italiana-nel-mondo-e-immigrazione-straniera-in-italia-libri-e-cinema-nelle-migrazioni-xxiv-settimana-della-lingua-italiana-nel-mondo\/","title":{"rendered":"CONFERENZA &#8220;EMIGRAZIONE ITALIANA NEL MONDO E IMMIGRAZIONE STRANIERA IN ITALIA: LIBRI E CINEMA NELLE MIGRAZIONI&#8221; &#8211; XXIV SETTIMANA DELLA LINGUA ITALIANA NEL MONDO"},"content":{"rendered":"<p>In occasione della XXIV Settimana della lingua italiana nel mondo, il Consolato d\u2019Italia a Basilea, in collaborazione con l\u2019Istituto di italianistica dell\u2019Universit\u00e0 di Basilea e con l\u2019Associazione Svizzera per i Rapporti Culturali ed Economici con l\u2019Italia (ASRI), \u00e8 lieto di invitarvi alla conferenza che sar\u00e0 tenuta dal Professor Massimo Vedovelli, gi\u00e0 Rettore dell\u2019Universit\u00e0 per stranieri di Siena e Professore Ospite presso l\u2019Universit\u00e0 di Basilea.<br \/>\nIl tema della conferenza sar\u00e0: \u201c<strong>Emigrazione italiana nel mondo e immigrazione straniera in Italia: libri e cinema nelle migrazioni<\/strong>\u201d.<\/p>\n<p>Data e ora: gioved\u00ec <strong>17 ottobre, <\/strong>dalle ore <strong>18:15. <\/strong><\/p>\n<p>Luogo: <strong>aula 114<\/strong> dell\u2019<strong>Universit\u00e0 di Basilea<\/strong>, Kollegienhaus, Petersplatz 1.<\/p>\n<p class=\"entry-title\">\u00c8 gradita la conferma di partecipazione all&#8217;indirizzo e-mail <span style=\"text-decoration: underline;\">basilea.rsvp@esteri.it<\/span>.<\/p>\n","protected":false},"excerpt":{"rendered":"In occasione della XXIV Settimana della lingua italiana nel mondo, il Consolato d\u2019Italia a Basilea, in collaborazione con l\u2019Istituto di italianistica dell\u2019Universit\u00e0 di Basilea e con l\u2019Associazione Svizzera per i Rapporti Culturali ed Economici con l\u2019Italia (ASRI), \u00e8 lieto di invitarvi alla conferenza che sar\u00e0 tenuta dal Professor Massimo Vedovelli, gi\u00e0 Rettore dell\u2019Universit\u00e0 per stranieri [&hellip;]","protected":false},"author":4,"featured_media":0,"comment_status":"closed","ping_status":"closed","sticky":false,"template":"","format":"standard","meta":{"footnotes":""},"tags":[],"class_list":["post-3128","post","type-post","status-publish","format-standard","hentry"],"_links":{"self":[{"href":"https:\/\/consbasilea.esteri.it\/it\/wp-json\/wp\/v2\/posts\/3128","targetHints":{"allow":["GET"]}}],"collection":[{"href":"https:\/\/consbasilea.esteri.it\/it\/wp-json\/wp\/v2\/posts"}],"about":[{"href":"https:\/\/consbasilea.esteri.it\/it\/wp-json\/wp\/v2\/types\/post"}],"author":[{"embeddable":true,"href":"https:\/\/consbasilea.esteri.it\/it\/wp-json\/wp\/v2\/users\/4"}],"replies":[{"embeddable":true,"href":"https:\/\/consbasilea.esteri.it\/it\/wp-json\/wp\/v2\/comments?post=3128"}],"version-history":[{"count":7,"href":"https:\/\/consbasilea.esteri.it\/it\/wp-json\/wp\/v2\/posts\/3128\/revisions"}],"predecessor-version":[{"id":3177,"href":"https:\/\/consbasilea.esteri.it\/it\/wp-json\/wp\/v2\/posts\/3128\/revisions\/3177"}],"wp:attachment":[{"href":"https:\/\/consbasilea.esteri.it\/it\/wp-json\/wp\/v2\/media?parent=3128"}],"wp:term":[{"taxonomy":"post_tag","embeddable":true,"href":"https:\/\/consbasilea.esteri.it\/it\/wp-json\/wp\/v2\/tags?post=3128"}],"curies":[{"name":"wp","href":"https:\/\/api.w.org\/{rel}","templated":true}]}}